{"id":10243,"date":"2022-03-23T15:42:11","date_gmt":"2022-03-23T14:42:11","guid":{"rendered":"https:\/\/www.lineaazzurrabus.com\/?p=10243"},"modified":"2022-03-23T15:42:11","modified_gmt":"2022-03-23T14:42:11","slug":"linea-azzurra-tra-i-bus-operators-mobilitati-per-la-crisi-in-ucraina","status":"publish","type":"post","link":"https:\/\/www.lineaazzurrabus.com\/en\/linea-azzurra-tra-i-bus-operators-mobilitati-per-la-crisi-in-ucraina\/","title":{"rendered":"Linea Azzurra tra i bus operators mobilitati per la crisi in Ucraina."},"content":{"rendered":"<p>Insieme a tanti altri operatori italiani ed europei, si \u00e8 creata una grande rete solidale come avvenuto durante le prime fasi della pandemia.<\/p>\n<p>Con la crisi esplosa il 24 febbraio 2022 e ormai arrivata a quasi un mese di guerra ai confini dell\u2019Unione Europea \u00e8 stato indispensabile attivare immediati soccorsi, con una forte organizzazione e un grande coordinamento di risorse, mezzi e persone.<\/p>\n<p>Per questo<strong> Linea Azzurra<\/strong> ha accolto immediatamente le importanti richieste arrivate da <strong>AIEF<\/strong> e <strong>FONDAZIONE LA STAMPA SPECCHIO DEI TEMPI<\/strong> che ringraziamo per la <strong>fiducia<\/strong> e per averci permesso di essere parte di questo importante atto di solidariet\u00e0 verso un popolo in fuga dalla guerra.<\/p>\n<p>Ovviamente il nostro lavoro non termina qui. Non finisce certamente ora.<\/p>\n<p>Ma sentiamo il bisogno di <strong>raccontare<\/strong> e <strong>condividere<\/strong> un\u2019esperienza importante dal punto di vista concreto per le attivit\u00e0 e le operazioni messe in campo da tutti gli attori coinvolti ma anche per il suo grande impatto emotivo.<\/p>\n<p><strong>Linea Azzurra<\/strong>, cos\u00ec come tanti altri <strong>bus operators italiani ed europei<\/strong> si \u00e8 immediatamente mobilitata per contribuire ad alleviare i disagi e le sofferenze di centinaia di migliaia di profughi provenienti dall\u2019<strong>Ucraina<\/strong>.<\/p>\n<h2>Viaggi lunghi e impegnativi verso Polonia e Romania ai confini con l\u2019Ucraina.<\/h2>\n<p><strong>SI \u00c8 TRATTATO DI VIAGGI LUNGHISSIMI, CHE HANNO IMPEGNATO EQUIPAGGI DI 3 AUTISTI PER OGNI BUS.<\/strong><\/p>\n<p>E\u2019 doveroso quindi, un grandissimo e i<strong>mportante ringraziamento a tutti i nostri autisti<\/strong> che hanno lavorato duramente e con grande cuore oltre che con la loro consolidata professionalit\u00e0 per portare a termine e con successo le missioni in programma.<\/p>\n<p>Siamo partiti verso i confini ucraini con <strong>Polonia<\/strong> e <strong>Romania<\/strong>, carichi di <strong>generi di prima necessit\u00e0<\/strong> e siamo rientrati con a bordo persone in fuga dall\u2019orrore e dal terrore provocati da questa guerra.<\/p>\n<p>Parliamo di <strong>famiglie<\/strong>, soprattutto <strong>anziani<\/strong>, <strong>donne<\/strong> e <strong>tantissimi bambini<\/strong>.<\/p>\n<h2>I bus operators si confermano un comparto essenziale per garantire una mobilit\u00e0 sicura.<\/h2>\n<p>Questa esperienza conferma ancora una volta l\u2019importanza del comparto, come fu durante le prime fasi della pandemia quando era emersa l\u2019urgenza di rimpatriare su scala europea, migliaia di turisti e lavoratori rimasti all\u2019estero in condizioni di grande incertezza dovuta all\u2019emergenza sanitaria.<\/p>\n<h2>Grazie\u2026<\/h2>\n<p>Rinnoviamo i pi\u00f9 sentiti ringraziamenti a tutti <strong>i nostri autisti<\/strong> che non si sono risparmiati n\u00e9 tirati indietro neppure per un istante e a chiunque si \u00e8 attivato in questa lunga maratona di solidariet\u00e0 organizzata da <strong>Aief<\/strong> e <strong>Fondazione La Stampa Specchio dei Tempi<\/strong>.<\/p>\n<p>Un impegno che certamente non termina qui.<\/p>\n<p><strong>Con la speranza di essere riusciti a dare un necessario supporto a queste famiglie.<\/strong><\/p>\n","protected":false},"excerpt":{"rendered":"<p>Insieme a tanti altri operatori italiani ed europei, si \u00e8 creata una grande rete solidale come avvenuto durante le prime fasi della pandemia. Con la crisi esplosa il 24 febbraio 2022 e ormai arrivata a quasi un mese di guerra ai confini dell\u2019Unione Europea \u00e8 stato indispensabile attivare immediati soccorsi, con una forte organizzazione e&#8230; <\/p>\n<div class=\"clear\"><\/div>\n<p><a href=\"https:\/\/www.lineaazzurrabus.com\/en\/linea-azzurra-tra-i-bus-operators-mobilitati-per-la-crisi-in-ucraina\/\" class=\"limoking-button large excerpt-read-more\">Read More<\/a><\/p>\n","protected":false},"author":1,"featured_media":0,"comment_status":"closed","ping_status":"closed","sticky":false,"template":"","format":"standard","meta":{"footnotes":""},"categories":[74],"tags":[],"class_list":["post-10243","post","type-post","status-publish","format-standard","hentry","category-uncategorized"],"yoast_head":"<!-- This site is optimized with the Yoast SEO plugin v26.6 - https:\/\/yoast.com\/wordpress\/plugins\/seo\/ -->\n<title>Linea Azzurra tra i bus operators mobilitati per la crisi in Ucraina. - Linea Azzurra<\/title>\n<meta name=\"robots\" content=\"index, follow, max-snippet:-1, max-image-preview:large, max-video-preview:-1\" \/>\n<link rel=\"canonical\" href=\"https:\/\/www.lineaazzurrabus.com\/en\/linea-azzurra-tra-i-bus-operators-mobilitati-per-la-crisi-in-ucraina\/\" \/>\n<meta property=\"og:locale\" content=\"en_US\" \/>\n<meta property=\"og:type\" content=\"article\" \/>\n<meta property=\"og:title\" content=\"Linea Azzurra tra i bus operators mobilitati per la crisi in Ucraina. - Linea Azzurra\" \/>\n<meta property=\"og:description\" content=\"Insieme a tanti altri operatori italiani ed europei, si \u00e8 creata una grande rete solidale come avvenuto durante le prime fasi della pandemia. Con la crisi esplosa il 24 febbraio 2022 e ormai arrivata a quasi un mese di guerra ai confini dell\u2019Unione Europea \u00e8 stato indispensabile attivare immediati soccorsi, con una forte organizzazione e... Read More\" \/>\n<meta property=\"og:url\" content=\"https:\/\/www.lineaazzurrabus.com\/en\/linea-azzurra-tra-i-bus-operators-mobilitati-per-la-crisi-in-ucraina\/\" \/>\n<meta property=\"og:site_name\" content=\"Linea Azzurra\" \/>\n<meta property=\"article:published_time\" content=\"2022-03-23T14:42:11+00:00\" \/>\n<meta name=\"author\" content=\"linea\" \/>\n<meta name=\"twitter:card\" content=\"summary_large_image\" \/>\n<meta name=\"twitter:label1\" content=\"Written by\" \/>\n\t<meta name=\"twitter:data1\" content=\"linea\" \/>\n\t<meta name=\"twitter:label2\" content=\"Est. reading time\" \/>\n\t<meta name=\"twitter:data2\" content=\"3 minutes\" \/>\n<script type=\"application\/ld+json\" class=\"yoast-schema-graph\">{\"@context\":\"https:\/\/schema.org\",\"@graph\":[{\"@type\":\"WebPage\",\"@id\":\"https:\/\/www.lineaazzurrabus.com\/en\/linea-azzurra-tra-i-bus-operators-mobilitati-per-la-crisi-in-ucraina\/\",\"url\":\"https:\/\/www.lineaazzurrabus.com\/en\/linea-azzurra-tra-i-bus-operators-mobilitati-per-la-crisi-in-ucraina\/\",\"name\":\"Linea Azzurra tra i bus operators mobilitati per la crisi in Ucraina. - Linea Azzurra\",\"isPartOf\":{\"@id\":\"https:\/\/www.lineaazzurrabus.com\/#website\"},\"datePublished\":\"2022-03-23T14:42:11+00:00\",\"author\":{\"@id\":\"https:\/\/www.lineaazzurrabus.com\/#\/schema\/person\/793c72199479498437d04cf0860e2168\"},\"breadcrumb\":{\"@id\":\"https:\/\/www.lineaazzurrabus.com\/en\/linea-azzurra-tra-i-bus-operators-mobilitati-per-la-crisi-in-ucraina\/#breadcrumb\"},\"inLanguage\":\"en-US\",\"potentialAction\":[{\"@type\":\"ReadAction\",\"target\":[\"https:\/\/www.lineaazzurrabus.com\/en\/linea-azzurra-tra-i-bus-operators-mobilitati-per-la-crisi-in-ucraina\/\"]}]},{\"@type\":\"BreadcrumbList\",\"@id\":\"https:\/\/www.lineaazzurrabus.com\/en\/linea-azzurra-tra-i-bus-operators-mobilitati-per-la-crisi-in-ucraina\/#breadcrumb\",\"itemListElement\":[{\"@type\":\"ListItem\",\"position\":1,\"name\":\"Home\",\"item\":\"https:\/\/www.lineaazzurrabus.com\/en\/\"},{\"@type\":\"ListItem\",\"position\":2,\"name\":\"Linea Azzurra tra i bus operators mobilitati per la crisi in Ucraina.\"}]},{\"@type\":\"WebSite\",\"@id\":\"https:\/\/www.lineaazzurrabus.com\/#website\",\"url\":\"https:\/\/www.lineaazzurrabus.com\/\",\"name\":\"Linea Azzurra\",\"description\":\"Un nuovo sito targato WordPress\",\"potentialAction\":[{\"@type\":\"SearchAction\",\"target\":{\"@type\":\"EntryPoint\",\"urlTemplate\":\"https:\/\/www.lineaazzurrabus.com\/?s={search_term_string}\"},\"query-input\":{\"@type\":\"PropertyValueSpecification\",\"valueRequired\":true,\"valueName\":\"search_term_string\"}}],\"inLanguage\":\"en-US\"},{\"@type\":\"Person\",\"@id\":\"https:\/\/www.lineaazzurrabus.com\/#\/schema\/person\/793c72199479498437d04cf0860e2168\",\"name\":\"linea\",\"image\":{\"@type\":\"ImageObject\",\"inLanguage\":\"en-US\",\"@id\":\"https:\/\/www.lineaazzurrabus.com\/#\/schema\/person\/image\/\",\"url\":\"https:\/\/secure.gravatar.com\/avatar\/7419add3df66cf32bb6b02060319f46afde6bb8a8cfca1c7540f70806dfaf432?s=96&d=mm&r=g\",\"contentUrl\":\"https:\/\/secure.gravatar.com\/avatar\/7419add3df66cf32bb6b02060319f46afde6bb8a8cfca1c7540f70806dfaf432?s=96&d=mm&r=g\",\"caption\":\"linea\"},\"url\":\"https:\/\/www.lineaazzurrabus.com\/en\/author\/linea\/\"}]}<\/script>\n<!-- \/ Yoast SEO plugin. -->","yoast_head_json":{"title":"Linea Azzurra tra i bus operators mobilitati per la crisi in Ucraina. - Linea Azzurra","robots":{"index":"index","follow":"follow","max-snippet":"max-snippet:-1","max-image-preview":"max-image-preview:large","max-video-preview":"max-video-preview:-1"},"canonical":"https:\/\/www.lineaazzurrabus.com\/en\/linea-azzurra-tra-i-bus-operators-mobilitati-per-la-crisi-in-ucraina\/","og_locale":"en_US","og_type":"article","og_title":"Linea Azzurra tra i bus operators mobilitati per la crisi in Ucraina. - Linea Azzurra","og_description":"Insieme a tanti altri operatori italiani ed europei, si \u00e8 creata una grande rete solidale come avvenuto durante le prime fasi della pandemia. Con la crisi esplosa il 24 febbraio 2022 e ormai arrivata a quasi un mese di guerra ai confini dell\u2019Unione Europea \u00e8 stato indispensabile attivare immediati soccorsi, con una forte organizzazione e... Read More","og_url":"https:\/\/www.lineaazzurrabus.com\/en\/linea-azzurra-tra-i-bus-operators-mobilitati-per-la-crisi-in-ucraina\/","og_site_name":"Linea Azzurra","article_published_time":"2022-03-23T14:42:11+00:00","author":"linea","twitter_card":"summary_large_image","twitter_misc":{"Written by":"linea","Est. reading time":"3 minutes"},"schema":{"@context":"https:\/\/schema.org","@graph":[{"@type":"WebPage","@id":"https:\/\/www.lineaazzurrabus.com\/en\/linea-azzurra-tra-i-bus-operators-mobilitati-per-la-crisi-in-ucraina\/","url":"https:\/\/www.lineaazzurrabus.com\/en\/linea-azzurra-tra-i-bus-operators-mobilitati-per-la-crisi-in-ucraina\/","name":"Linea Azzurra tra i bus operators mobilitati per la crisi in Ucraina. - Linea Azzurra","isPartOf":{"@id":"https:\/\/www.lineaazzurrabus.com\/#website"},"datePublished":"2022-03-23T14:42:11+00:00","author":{"@id":"https:\/\/www.lineaazzurrabus.com\/#\/schema\/person\/793c72199479498437d04cf0860e2168"},"breadcrumb":{"@id":"https:\/\/www.lineaazzurrabus.com\/en\/linea-azzurra-tra-i-bus-operators-mobilitati-per-la-crisi-in-ucraina\/#breadcrumb"},"inLanguage":"en-US","potentialAction":[{"@type":"ReadAction","target":["https:\/\/www.lineaazzurrabus.com\/en\/linea-azzurra-tra-i-bus-operators-mobilitati-per-la-crisi-in-ucraina\/"]}]},{"@type":"BreadcrumbList","@id":"https:\/\/www.lineaazzurrabus.com\/en\/linea-azzurra-tra-i-bus-operators-mobilitati-per-la-crisi-in-ucraina\/#breadcrumb","itemListElement":[{"@type":"ListItem","position":1,"name":"Home","item":"https:\/\/www.lineaazzurrabus.com\/en\/"},{"@type":"ListItem","position":2,"name":"Linea Azzurra tra i bus operators mobilitati per la crisi in Ucraina."}]},{"@type":"WebSite","@id":"https:\/\/www.lineaazzurrabus.com\/#website","url":"https:\/\/www.lineaazzurrabus.com\/","name":"Linea Azzurra","description":"Un nuovo sito targato WordPress","potentialAction":[{"@type":"SearchAction","target":{"@type":"EntryPoint","urlTemplate":"https:\/\/www.lineaazzurrabus.com\/?s={search_term_string}"},"query-input":{"@type":"PropertyValueSpecification","valueRequired":true,"valueName":"search_term_string"}}],"inLanguage":"en-US"},{"@type":"Person","@id":"https:\/\/www.lineaazzurrabus.com\/#\/schema\/person\/793c72199479498437d04cf0860e2168","name":"linea","image":{"@type":"ImageObject","inLanguage":"en-US","@id":"https:\/\/www.lineaazzurrabus.com\/#\/schema\/person\/image\/","url":"https:\/\/secure.gravatar.com\/avatar\/7419add3df66cf32bb6b02060319f46afde6bb8a8cfca1c7540f70806dfaf432?s=96&d=mm&r=g","contentUrl":"https:\/\/secure.gravatar.com\/avatar\/7419add3df66cf32bb6b02060319f46afde6bb8a8cfca1c7540f70806dfaf432?s=96&d=mm&r=g","caption":"linea"},"url":"https:\/\/www.lineaazzurrabus.com\/en\/author\/linea\/"}]}},"_links":{"self":[{"href":"https:\/\/www.lineaazzurrabus.com\/en\/wp-json\/wp\/v2\/posts\/10243\/"}],"collection":[{"href":"https:\/\/www.lineaazzurrabus.com\/en\/wp-json\/wp\/v2\/posts\/"}],"about":[{"href":"https:\/\/www.lineaazzurrabus.com\/en\/wp-json\/wp\/v2\/types\/post\/"}],"author":[{"embeddable":true,"href":"https:\/\/www.lineaazzurrabus.com\/en\/wp-json\/wp\/v2\/users\/1\/"}],"replies":[{"embeddable":true,"href":"https:\/\/www.lineaazzurrabus.com\/en\/wp-json\/wp\/v2\/comments\/?post=10243"}],"version-history":[{"count":1,"href":"https:\/\/www.lineaazzurrabus.com\/en\/wp-json\/wp\/v2\/posts\/10243\/revisions\/"}],"predecessor-version":[{"id":10244,"href":"https:\/\/www.lineaazzurrabus.com\/en\/wp-json\/wp\/v2\/posts\/10243\/revisions\/10244\/"}],"wp:attachment":[{"href":"https:\/\/www.lineaazzurrabus.com\/en\/wp-json\/wp\/v2\/media\/?parent=10243"}],"wp:term":[{"taxonomy":"category","embeddable":true,"href":"https:\/\/www.lineaazzurrabus.com\/en\/wp-json\/wp\/v2\/categories\/?post=10243"},{"taxonomy":"post_tag","embeddable":true,"href":"https:\/\/www.lineaazzurrabus.com\/en\/wp-json\/wp\/v2\/tags\/?post=10243"}],"curies":[{"name":"wp","href":"https:\/\/api.w.org\/{rel}","templated":true}]}}